
{"id":38607,"date":"2021-04-26T09:59:49","date_gmt":"2021-04-26T09:59:49","guid":{"rendered":"https:\/\/www.fqgalicia.org\/no-pierdas-la-oportunidad-de-hacerte-con-un-ejemplar-exclusivo-de-este-manual-de-vida-escrito-por-21-familias-que-conviven-con-una-enfermedad-rara\/"},"modified":"2023-05-31T11:33:13","modified_gmt":"2023-05-31T11:33:13","slug":"no-pierdas-la-oportunidad-de-hacerte-con-un-ejemplar-exclusivo-de-este-manual-de-vida-escrito-por-21-familias-que-conviven-con-una-enfermedad-rara","status":"publish","type":"post","link":"https:\/\/www.fqgalicia.org\/gl\/no-pierdas-la-oportunidad-de-hacerte-con-un-ejemplar-exclusivo-de-este-manual-de-vida-escrito-por-21-familias-que-conviven-con-una-enfermedad-rara\/","title":{"rendered":"Non perdas a oportunidade de facerte cun exemplar exclusivo deste manual de vida, escrito por 21 familias que conviven cunha Enfermidade Rara."},"content":{"rendered":"<p>Non perdas a oportunidade de facerte cun exemplar exclusivo desde manual de vida, escrito por 21 familias que conviven cunha enfermidade rara.<\/p>\n<p>&nbsp;<\/p>\n<p>Nel co\u00f1eceremos a realidade de Rafa, Amaia, Andres, Jeanette, Saioa, Laura, Andrea, Teo, Alma, Adriana, Toni, Alba, Cesar, Luis, Juan Antonio, Hugo, Valentina, Lucia, Aitor, Sof\u00eda y Sara y Joan que conviven con Fibrose Qu\u00edstica, Artrogriposis M\u00faltiple Cong\u00e9nita, Retinosis Pigmentaria, Chacot-Marie-Tooth, Niemann Pick C, Distrofia Simp\u00e1tico Refleja, S\u00edndrome de Rett, S\u00edndrome de Usher, Neurofibromatosis Tipo1, S\u00edndrome de Angelman, Sin Diagn\u00f3stico, S\u00edndrome de Wolf Hirschhorn, S\u00edndrome de Apert, S\u00edndrome de M\u00e9ni\u00e8re, Enfermedad de Huntington, Menkes, S\u00edndrome de Pitt Hopkins, S\u00edndrome Distonias-Miocl\u00f3nicas, S\u00edndrome de Duplicaci\u00f3n MECP2, Atrofia Muscular Espinal y Osteog\u00e9nesis Imperfecta&#8230;<\/p>\n<p>&nbsp;<\/p>\n<p>Co\u00f1ece as s\u00faas historias adquirindo este precioso libro e de este modo apoiando a investigaci\u00f3n das Enfermidades Raras. <strong>Nunha destas historias colabora a nosa querida socia Carmen e o seu fillo, xunto coa participaci\u00f3n do noso fisioterapeuta Pedro Barbolla.<\/strong><\/p>\n<p>&nbsp;<\/p>\n<p>O 100% do beneficio ser\u00e1 destinado \u00e1s axudas \u00e1 investigaci\u00f3n que anualmente concede a Asociaci\u00f3n Mu\u00e9vete por los que no pueden.<\/p>\n","protected":false},"excerpt":{"rendered":"<p>Non perdas a oportunidade de facerte cun exemplar exclusivo desde manual de vida, escrito por 21 familias que conviven cunha enfermidade rara. &nbsp; Nel co\u00f1eceremos a realidade de Rafa, Amaia,&#8230;<\/p>\n","protected":false},"author":3,"featured_media":39349,"comment_status":"closed","ping_status":"closed","sticky":false,"template":"","format":"standard","meta":{"_jetpack_memberships_contains_paid_content":false,"footnotes":""},"categories":[16],"tags":[],"class_list":{"0":"post-38607","1":"post","2":"type-post","3":"status-publish","4":"format-standard","5":"has-post-thumbnail","7":"category-uncategorized-gl-2"},"jetpack_featured_media_url":"https:\/\/www.fqgalicia.org\/wp-content\/uploads\/2021\/04\/2.jpg","jetpack_sharing_enabled":true,"_links":{"self":[{"href":"https:\/\/www.fqgalicia.org\/gl\/wp-json\/wp\/v2\/posts\/38607","targetHints":{"allow":["GET"]}}],"collection":[{"href":"https:\/\/www.fqgalicia.org\/gl\/wp-json\/wp\/v2\/posts"}],"about":[{"href":"https:\/\/www.fqgalicia.org\/gl\/wp-json\/wp\/v2\/types\/post"}],"author":[{"embeddable":true,"href":"https:\/\/www.fqgalicia.org\/gl\/wp-json\/wp\/v2\/users\/3"}],"replies":[{"embeddable":true,"href":"https:\/\/www.fqgalicia.org\/gl\/wp-json\/wp\/v2\/comments?post=38607"}],"version-history":[{"count":2,"href":"https:\/\/www.fqgalicia.org\/gl\/wp-json\/wp\/v2\/posts\/38607\/revisions"}],"predecessor-version":[{"id":39351,"href":"https:\/\/www.fqgalicia.org\/gl\/wp-json\/wp\/v2\/posts\/38607\/revisions\/39351"}],"wp:featuredmedia":[{"embeddable":true,"href":"https:\/\/www.fqgalicia.org\/gl\/wp-json\/wp\/v2\/media\/39349"}],"wp:attachment":[{"href":"https:\/\/www.fqgalicia.org\/gl\/wp-json\/wp\/v2\/media?parent=38607"}],"wp:term":[{"taxonomy":"category","embeddable":true,"href":"https:\/\/www.fqgalicia.org\/gl\/wp-json\/wp\/v2\/categories?post=38607"},{"taxonomy":"post_tag","embeddable":true,"href":"https:\/\/www.fqgalicia.org\/gl\/wp-json\/wp\/v2\/tags?post=38607"}],"curies":[{"name":"wp","href":"https:\/\/api.w.org\/{rel}","templated":true}]}}