
{"id":38843,"date":"2022-05-04T09:45:58","date_gmt":"2022-05-04T09:45:58","guid":{"rendered":"https:\/\/www.fqgalicia.org\/?p=38843"},"modified":"2022-05-04T09:59:35","modified_gmt":"2022-05-04T09:59:35","slug":"mercores-27-de-abril-dia-nacional-da-fibrose-quistica","status":"publish","type":"post","link":"https:\/\/www.fqgalicia.org\/gl\/mercores-27-de-abril-dia-nacional-da-fibrose-quistica\/","title":{"rendered":"M\u00e9rcores  27 de Abril D\u00eda Nacional da Fibrose Qu\u00edstica"},"content":{"rendered":"<p>O d\u00eda nacional da fibrose qu\u00edstica estivemos cunha mesa informativa no Hospital \u00c1lvaro Cunqueiro de Vigo onde acercaronse as especialidades de neumolox\u00eda pedi\u00e1trica e adultos que tratan a FQ as\u00ed como parte da direcci\u00f3n do \u00e1rea sanitaria de Vigo.<\/p>\n<p>Tamen iluminamos cos cores da fibrose qu\u00edstica, verde e naranxa diferentes monumentos o longo da comunidade de Galicia para dar a maior visibilidade posible.<\/p>\n<p>&nbsp;<\/p>\n<p><img loading=\"lazy\" decoding=\"async\" class=\"alignnone size-medium wp-image-38846\" src=\"https:\/\/www.fqgalicia.org\/wp-content\/uploads\/2022\/05\/dia-nacional-1-300x225.jpg\" alt=\"\" width=\"300\" height=\"225\" srcset=\"https:\/\/www.fqgalicia.org\/wp-content\/uploads\/2022\/05\/dia-nacional-1-300x225.jpg 300w, https:\/\/www.fqgalicia.org\/wp-content\/uploads\/2022\/05\/dia-nacional-1-600x450.jpg 600w, https:\/\/www.fqgalicia.org\/wp-content\/uploads\/2022\/05\/dia-nacional-1-1024x768.jpg 1024w, https:\/\/www.fqgalicia.org\/wp-content\/uploads\/2022\/05\/dia-nacional-1-768x576.jpg 768w, https:\/\/www.fqgalicia.org\/wp-content\/uploads\/2022\/05\/dia-nacional-1-1536x1152.jpg 1536w, https:\/\/www.fqgalicia.org\/wp-content\/uploads\/2022\/05\/dia-nacional-1.jpg 2048w\" sizes=\"auto, (max-width: 300px) 100vw, 300px\" \/><img loading=\"lazy\" decoding=\"async\" class=\"alignnone size-medium wp-image-38848\" src=\"https:\/\/www.fqgalicia.org\/wp-content\/uploads\/2022\/05\/dia-nacional2-300x225.jpg\" alt=\"\" width=\"300\" height=\"225\" srcset=\"https:\/\/www.fqgalicia.org\/wp-content\/uploads\/2022\/05\/dia-nacional2-300x225.jpg 300w, https:\/\/www.fqgalicia.org\/wp-content\/uploads\/2022\/05\/dia-nacional2-600x450.jpg 600w, https:\/\/www.fqgalicia.org\/wp-content\/uploads\/2022\/05\/dia-nacional2-1024x768.jpg 1024w, https:\/\/www.fqgalicia.org\/wp-content\/uploads\/2022\/05\/dia-nacional2-768x576.jpg 768w, https:\/\/www.fqgalicia.org\/wp-content\/uploads\/2022\/05\/dia-nacional2-1536x1152.jpg 1536w, https:\/\/www.fqgalicia.org\/wp-content\/uploads\/2022\/05\/dia-nacional2.jpg 1600w\" sizes=\"auto, (max-width: 300px) 100vw, 300px\" \/><img loading=\"lazy\" decoding=\"async\" class=\"alignnone size-medium wp-image-38850\" src=\"https:\/\/www.fqgalicia.org\/wp-content\/uploads\/2022\/05\/dia-naiconal-3-300x225.jpg\" alt=\"\" width=\"300\" height=\"225\" srcset=\"https:\/\/www.fqgalicia.org\/wp-content\/uploads\/2022\/05\/dia-naiconal-3-300x225.jpg 300w, https:\/\/www.fqgalicia.org\/wp-content\/uploads\/2022\/05\/dia-naiconal-3-600x450.jpg 600w, https:\/\/www.fqgalicia.org\/wp-content\/uploads\/2022\/05\/dia-naiconal-3-1024x768.jpg 1024w, https:\/\/www.fqgalicia.org\/wp-content\/uploads\/2022\/05\/dia-naiconal-3-768x576.jpg 768w, https:\/\/www.fqgalicia.org\/wp-content\/uploads\/2022\/05\/dia-naiconal-3-1536x1152.jpg 1536w, https:\/\/www.fqgalicia.org\/wp-content\/uploads\/2022\/05\/dia-naiconal-3.jpg 2048w\" sizes=\"auto, (max-width: 300px) 100vw, 300px\" \/><\/p>\n","protected":false},"excerpt":{"rendered":"<p>O d\u00eda nacional da fibrose qu\u00edstica estivemos cunha mesa informativa no Hospital \u00c1lvaro Cunqueiro de Vigo onde acercaronse as especialidades de neumolox\u00eda pedi\u00e1trica e adultos que tratan a FQ as\u00ed&#8230;<\/p>\n","protected":false},"author":5,"featured_media":38844,"comment_status":"closed","ping_status":"closed","sticky":false,"template":"","format":"standard","meta":{"_jetpack_memberships_contains_paid_content":false,"footnotes":""},"categories":[16],"tags":[],"class_list":{"0":"post-38843","1":"post","2":"type-post","3":"status-publish","4":"format-standard","5":"has-post-thumbnail","7":"category-uncategorized-gl-2"},"jetpack_featured_media_url":"https:\/\/www.fqgalicia.org\/wp-content\/uploads\/2022\/05\/dia-nacional.jpg","jetpack_sharing_enabled":true,"_links":{"self":[{"href":"https:\/\/www.fqgalicia.org\/gl\/wp-json\/wp\/v2\/posts\/38843","targetHints":{"allow":["GET"]}}],"collection":[{"href":"https:\/\/www.fqgalicia.org\/gl\/wp-json\/wp\/v2\/posts"}],"about":[{"href":"https:\/\/www.fqgalicia.org\/gl\/wp-json\/wp\/v2\/types\/post"}],"author":[{"embeddable":true,"href":"https:\/\/www.fqgalicia.org\/gl\/wp-json\/wp\/v2\/users\/5"}],"replies":[{"embeddable":true,"href":"https:\/\/www.fqgalicia.org\/gl\/wp-json\/wp\/v2\/comments?post=38843"}],"version-history":[{"count":3,"href":"https:\/\/www.fqgalicia.org\/gl\/wp-json\/wp\/v2\/posts\/38843\/revisions"}],"predecessor-version":[{"id":38862,"href":"https:\/\/www.fqgalicia.org\/gl\/wp-json\/wp\/v2\/posts\/38843\/revisions\/38862"}],"wp:featuredmedia":[{"embeddable":true,"href":"https:\/\/www.fqgalicia.org\/gl\/wp-json\/wp\/v2\/media\/38844"}],"wp:attachment":[{"href":"https:\/\/www.fqgalicia.org\/gl\/wp-json\/wp\/v2\/media?parent=38843"}],"wp:term":[{"taxonomy":"category","embeddable":true,"href":"https:\/\/www.fqgalicia.org\/gl\/wp-json\/wp\/v2\/categories?post=38843"},{"taxonomy":"post_tag","embeddable":true,"href":"https:\/\/www.fqgalicia.org\/gl\/wp-json\/wp\/v2\/tags?post=38843"}],"curies":[{"name":"wp","href":"https:\/\/api.w.org\/{rel}","templated":true}]}}