
{"id":39045,"date":"2023-05-11T11:37:39","date_gmt":"2023-05-11T11:37:39","guid":{"rendered":"https:\/\/www.fqgalicia.org\/?p=39045"},"modified":"2023-05-11T11:37:39","modified_gmt":"2023-05-11T11:37:39","slug":"colabora-comprando-o-teu-suadoiro-surfingesvida","status":"publish","type":"post","link":"https:\/\/www.fqgalicia.org\/gl\/colabora-comprando-o-teu-suadoiro-surfingesvida\/","title":{"rendered":"Colabora comprando o teu suadoiro &#8220;Surfingesvida&#8221;"},"content":{"rendered":"<div class=\"kvgmc6g5 cxmmr5t8 oygrvhab hcukyx3x c1et5uql ii04i59q\">\n<div dir=\"auto\">Fai o teu pedido cumprimentando o seguiente enlace: <a class=\"oajrlxb2 g5ia77u1 qu0x051f esr5mh6w e9989ue4 r7d6kgcz rq0escxv nhd2j8a9 nc684nl6 p7hjln8o kvgmc6g5 cxmmr5t8 oygrvhab hcukyx3x jb3vyjys rz4wbd8a qt6c0cv9 a8nywdso i1ao9s8h esuyzwwr f1sip0of lzcic4wl gpro0wi8 py34i1dx\" tabindex=\"0\" role=\"link\" href=\"https:\/\/l.facebook.com\/l.php?u=https%3A%2F%2Facortar.link%2FNjNOXh%3Ffbclid%3DIwAR3vue_DPYJn_uhYyv-qgaawfEoxcSeaGVTmic0rh5ILLqeEreWGocjsUgM&amp;h=AT0HnYQTaNvREB30ZAoNuUEaadroLCzrMCzXz6BfBSlbl3Lqmg1aH8zOMNE8UDuCUQlRPhDZtjJip4UYE3mivb9DkZDRDnh3gHfao11qT1S87XwGTer7a6Taj3Pirr68bNAu&amp;__tn__=-UK-R&amp;c[0]=AT3KsxbgDDF9KSXaVLJvr9zeXLT_KeJjpeaYcanHUVgW7clgFiubv6Mr4wNbCX1Y_AJa6sn6E28opqvsDRouuLGvxNRf3_BicpF1SL_mc8_Gmx4QrFbrQy7JM0vD8yUpW--ehpjiaBAuj6W0svIHaLvt5yGVQCpr5eszhu0_nekZ3x6ze5MPzHV1KS_aCFbj3bp1tHxLMrTr88rcpO9WfM-eAi4PycB1psA\" target=\"_blank\" rel=\"nofollow noopener\">https:\/\/acortar.link\/NjNOXh<\/a><\/div>\n<\/div>\n<div class=\"cxmmr5t8 oygrvhab hcukyx3x c1et5uql o9v6fnle ii04i59q\">\n<div dir=\"auto\">Disp\u00f3s de catro puntos de recollida:<\/div>\n<div dir=\"auto\">\u2013 Sede da Asociaci\u00f3n Galega en Vigo.<\/div>\n<div dir=\"auto\">\u2013 Sede da Asociaci\u00f3n Galega en A Coru\u00f1a.<\/div>\n<div dir=\"auto\">\u2013 Entrega a domicilio (gastos de env\u00edo a a\u00f1adir \u00f3 precio)<\/div>\n<div dir=\"auto\">\u2013 Ferrol (contactarase coa persoa cliente para acordar o punto de recollida)<\/div>\n<\/div>\n<div class=\"cxmmr5t8 oygrvhab hcukyx3x c1et5uql o9v6fnle ii04i59q\">\n<div dir=\"auto\">Precios:<\/div>\n<div dir=\"auto\">\u2013 adult@: 26,00\u20ac<\/div>\n<div dir=\"auto\">\u2013 ni\u00f1@: 21,00 \u20ac<\/div>\n<\/div>\n","protected":false},"excerpt":{"rendered":"<p>Fai o teu pedido cumprimentando o seguiente enlace: https:\/\/acortar.link\/NjNOXh Disp\u00f3s de catro puntos de recollida: \u2013 Sede da Asociaci\u00f3n Galega en Vigo. \u2013 Sede da Asociaci\u00f3n Galega en A Coru\u00f1a&#8230;.<\/p>\n","protected":false},"author":5,"featured_media":38892,"comment_status":"open","ping_status":"open","sticky":false,"template":"","format":"standard","meta":{"_jetpack_memberships_contains_paid_content":false,"footnotes":""},"categories":[16],"tags":[],"class_list":{"0":"post-39045","1":"post","2":"type-post","3":"status-publish","4":"format-standard","5":"has-post-thumbnail","7":"category-uncategorized-gl-2"},"jetpack_featured_media_url":"https:\/\/www.fqgalicia.org\/wp-content\/uploads\/2022\/06\/surfing-es-vida.jpg","jetpack_sharing_enabled":true,"_links":{"self":[{"href":"https:\/\/www.fqgalicia.org\/gl\/wp-json\/wp\/v2\/posts\/39045","targetHints":{"allow":["GET"]}}],"collection":[{"href":"https:\/\/www.fqgalicia.org\/gl\/wp-json\/wp\/v2\/posts"}],"about":[{"href":"https:\/\/www.fqgalicia.org\/gl\/wp-json\/wp\/v2\/types\/post"}],"author":[{"embeddable":true,"href":"https:\/\/www.fqgalicia.org\/gl\/wp-json\/wp\/v2\/users\/5"}],"replies":[{"embeddable":true,"href":"https:\/\/www.fqgalicia.org\/gl\/wp-json\/wp\/v2\/comments?post=39045"}],"version-history":[{"count":1,"href":"https:\/\/www.fqgalicia.org\/gl\/wp-json\/wp\/v2\/posts\/39045\/revisions"}],"predecessor-version":[{"id":39046,"href":"https:\/\/www.fqgalicia.org\/gl\/wp-json\/wp\/v2\/posts\/39045\/revisions\/39046"}],"wp:featuredmedia":[{"embeddable":true,"href":"https:\/\/www.fqgalicia.org\/gl\/wp-json\/wp\/v2\/media\/38892"}],"wp:attachment":[{"href":"https:\/\/www.fqgalicia.org\/gl\/wp-json\/wp\/v2\/media?parent=39045"}],"wp:term":[{"taxonomy":"category","embeddable":true,"href":"https:\/\/www.fqgalicia.org\/gl\/wp-json\/wp\/v2\/categories?post=39045"},{"taxonomy":"post_tag","embeddable":true,"href":"https:\/\/www.fqgalicia.org\/gl\/wp-json\/wp\/v2\/tags?post=39045"}],"curies":[{"name":"wp","href":"https:\/\/api.w.org\/{rel}","templated":true}]}}