
{"id":39288,"date":"2021-04-26T09:54:31","date_gmt":"2021-04-26T09:54:31","guid":{"rendered":"https:\/\/www.fqgalicia.org\/28-de-abril-4o-miercoles-de-abril-dia-nacional-de-la-fibrosis-quistica\/"},"modified":"2023-05-31T11:56:34","modified_gmt":"2023-05-31T11:56:34","slug":"28-de-abril-4o-miercoles-de-abril-dia-nacional-de-la-fibrosis-quistica","status":"publish","type":"post","link":"https:\/\/www.fqgalicia.org\/gl\/28-de-abril-4o-miercoles-de-abril-dia-nacional-de-la-fibrosis-quistica\/","title":{"rendered":"28 de abril (4\u00ba m\u00e9rcores de abril) &#8211; D\u00eda Nacional da Fibrose Qu\u00edstica"},"content":{"rendered":"<p><strong>28 de abril (4\u00ba m\u00e9rcores de abril) &#8211; D\u00eda Nacional da Fibrose Qu\u00edstica<\/strong><\/p>\n<p>&nbsp;<\/p>\n<p>A ASOCIACI\u00d3N GALEGA DE FIBROSE QUISTICA con \u00a0motivo do d\u00eda Nacional e co obxectivo de \u00a0visibilizar a enfermidade consegu\u00edu que se iluminen coas s\u00faas cores distintivas (laranxa e verde)\u00a0 alguns puntos da comunidade: En Ourense, a Ponte Romana, en Vigo, as fontes de Arag\u00f3n,\u00a0 no Hospital \u00c1lvaro Cunqueiro a escultura do Tit\u00e1n, en Baiona,\u00a0 o Concello, en A Coru\u00f1a a Torre de H\u00e9rcules, ademais, nas pantallas do Hospital \u00c1lvaro Cunqueiro e no CHUAC de A Coru\u00f1a proxectarase un V\u00eddeo \u201c el lado bueno de las cosas\u201d que reflicte como \u00e9 o d\u00eda a d\u00eda das familias con Fibrose Qu\u00edstica.<\/p>\n<p>&nbsp;<\/p>\n<p>An\u00edmovos a que vos acerquedes a noite do 27 de abril e nos mandedes as vosas fotos!!!!!!!<\/p>\n","protected":false},"excerpt":{"rendered":"<p>28 de abril (4\u00ba m\u00e9rcores de abril) &#8211; D\u00eda Nacional da Fibrose Qu\u00edstica &nbsp; A ASOCIACI\u00d3N GALEGA DE FIBROSE QUISTICA con \u00a0motivo do d\u00eda Nacional e co obxectivo de \u00a0visibilizar&#8230;<\/p>\n","protected":false},"author":3,"featured_media":39289,"comment_status":"closed","ping_status":"closed","sticky":false,"template":"","format":"standard","meta":{"_jetpack_memberships_contains_paid_content":false,"footnotes":""},"categories":[16],"tags":[],"class_list":{"0":"post-39288","1":"post","2":"type-post","3":"status-publish","4":"format-standard","5":"has-post-thumbnail","7":"category-uncategorized-gl-2"},"jetpack_featured_media_url":"https:\/\/www.fqgalicia.org\/wp-content\/uploads\/2021\/04\/DIA-NACIONAL-FQ.jpg","jetpack_sharing_enabled":true,"_links":{"self":[{"href":"https:\/\/www.fqgalicia.org\/gl\/wp-json\/wp\/v2\/posts\/39288","targetHints":{"allow":["GET"]}}],"collection":[{"href":"https:\/\/www.fqgalicia.org\/gl\/wp-json\/wp\/v2\/posts"}],"about":[{"href":"https:\/\/www.fqgalicia.org\/gl\/wp-json\/wp\/v2\/types\/post"}],"author":[{"embeddable":true,"href":"https:\/\/www.fqgalicia.org\/gl\/wp-json\/wp\/v2\/users\/3"}],"replies":[{"embeddable":true,"href":"https:\/\/www.fqgalicia.org\/gl\/wp-json\/wp\/v2\/comments?post=39288"}],"version-history":[{"count":2,"href":"https:\/\/www.fqgalicia.org\/gl\/wp-json\/wp\/v2\/posts\/39288\/revisions"}],"predecessor-version":[{"id":39353,"href":"https:\/\/www.fqgalicia.org\/gl\/wp-json\/wp\/v2\/posts\/39288\/revisions\/39353"}],"wp:featuredmedia":[{"embeddable":true,"href":"https:\/\/www.fqgalicia.org\/gl\/wp-json\/wp\/v2\/media\/39289"}],"wp:attachment":[{"href":"https:\/\/www.fqgalicia.org\/gl\/wp-json\/wp\/v2\/media?parent=39288"}],"wp:term":[{"taxonomy":"category","embeddable":true,"href":"https:\/\/www.fqgalicia.org\/gl\/wp-json\/wp\/v2\/categories?post=39288"},{"taxonomy":"post_tag","embeddable":true,"href":"https:\/\/www.fqgalicia.org\/gl\/wp-json\/wp\/v2\/tags?post=39288"}],"curies":[{"name":"wp","href":"https:\/\/api.w.org\/{rel}","templated":true}]}}