
{"id":39292,"date":"2020-10-14T09:44:43","date_gmt":"2020-10-14T09:44:43","guid":{"rendered":"https:\/\/www.fqgalicia.org\/campana-de-vacinacion-contra-a-gripe-2020\/"},"modified":"2023-05-31T12:09:55","modified_gmt":"2023-05-31T12:09:55","slug":"campana-de-vacinacion-contra-a-gripe-2020","status":"publish","type":"post","link":"https:\/\/www.fqgalicia.org\/gl\/campana-de-vacinacion-contra-a-gripe-2020\/","title":{"rendered":"Campa\u00f1a de Vacunaci\u00f3n contra  a Gripe 2020"},"content":{"rendered":"<div>Dende o 13 de outubro ata o 31 de decembro xa podes vacunarte. Esta campa\u00f1a est\u00e1 dirixida fundamentalmente \u00e1s personas de 60 ou m\u00e1is anos, as\u00ed como a todas aquelas pertencentes a alg\u00fan grupo de riesgo.<\/div>\n<div><\/div>\n<div>Esta campa\u00f1a cobra especial relevancia este ano no contexto da pandemia COVID-19 que estamos a padecer, por iso, hoxe m\u00e1is que nunca protexerse da gripe axudaranos a todos\/as.<\/div>\n<div>Vac\u00fanate !!!!!!!!<\/div>\n","protected":false},"excerpt":{"rendered":"<p>Dende o 13 de outubro ata o 31 de decembro xa podes vacunarte. Esta campa\u00f1a est\u00e1 dirixida fundamentalmente \u00e1s personas de 60 ou m\u00e1is anos, as\u00ed como a todas aquelas&#8230;<\/p>\n","protected":false},"author":3,"featured_media":39293,"comment_status":"closed","ping_status":"closed","sticky":false,"template":"","format":"standard","meta":{"_jetpack_memberships_contains_paid_content":false,"footnotes":""},"categories":[16],"tags":[],"class_list":{"0":"post-39292","1":"post","2":"type-post","3":"status-publish","4":"format-standard","5":"has-post-thumbnail","7":"category-uncategorized-gl-2"},"jetpack_featured_media_url":"https:\/\/www.fqgalicia.org\/wp-content\/uploads\/2020\/10\/gripe_vacinacion.jpg","jetpack_sharing_enabled":true,"_links":{"self":[{"href":"https:\/\/www.fqgalicia.org\/gl\/wp-json\/wp\/v2\/posts\/39292","targetHints":{"allow":["GET"]}}],"collection":[{"href":"https:\/\/www.fqgalicia.org\/gl\/wp-json\/wp\/v2\/posts"}],"about":[{"href":"https:\/\/www.fqgalicia.org\/gl\/wp-json\/wp\/v2\/types\/post"}],"author":[{"embeddable":true,"href":"https:\/\/www.fqgalicia.org\/gl\/wp-json\/wp\/v2\/users\/3"}],"replies":[{"embeddable":true,"href":"https:\/\/www.fqgalicia.org\/gl\/wp-json\/wp\/v2\/comments?post=39292"}],"version-history":[{"count":2,"href":"https:\/\/www.fqgalicia.org\/gl\/wp-json\/wp\/v2\/posts\/39292\/revisions"}],"predecessor-version":[{"id":39357,"href":"https:\/\/www.fqgalicia.org\/gl\/wp-json\/wp\/v2\/posts\/39292\/revisions\/39357"}],"wp:featuredmedia":[{"embeddable":true,"href":"https:\/\/www.fqgalicia.org\/gl\/wp-json\/wp\/v2\/media\/39293"}],"wp:attachment":[{"href":"https:\/\/www.fqgalicia.org\/gl\/wp-json\/wp\/v2\/media?parent=39292"}],"wp:term":[{"taxonomy":"category","embeddable":true,"href":"https:\/\/www.fqgalicia.org\/gl\/wp-json\/wp\/v2\/categories?post=39292"},{"taxonomy":"post_tag","embeddable":true,"href":"https:\/\/www.fqgalicia.org\/gl\/wp-json\/wp\/v2\/tags?post=39292"}],"curies":[{"name":"wp","href":"https:\/\/api.w.org\/{rel}","templated":true}]}}