
{"id":39305,"date":"2019-08-27T10:00:40","date_gmt":"2019-08-27T10:00:40","guid":{"rendered":"https:\/\/www.fqgalicia.org\/iv-raid-do-condado-marques-de-vizhoja\/"},"modified":"2023-06-05T11:06:39","modified_gmt":"2023-06-05T11:06:39","slug":"iv-raid-do-condado-marques-de-vizhoja","status":"publish","type":"post","link":"https:\/\/www.fqgalicia.org\/gl\/iv-raid-do-condado-marques-de-vizhoja\/","title":{"rendered":"IV RAID Do Condado Marqu\u00e9s de Vizhoja"},"content":{"rendered":"<p>Non podemos estar m\u00e1is contentos da colaboraci\u00f3n que un ano m\u00e1is nos brinda as bodegas MARQU\u00c9S DE VIZHOJA, dende a Asociaci\u00f3n Galega de la Fibrose Qu\u00edstica, o noso GRAZAS m\u00e1is GRANDE un ano m\u00e1is.<\/p>\n<p>&nbsp;<\/p>\n<p>GRAZAS<\/p>\n","protected":false},"excerpt":{"rendered":"<p>Non podemos estar m\u00e1is contentos da colaboraci\u00f3n que un ano m\u00e1is nos brinda as bodegas MARQU\u00c9S DE VIZHOJA, dende a Asociaci\u00f3n Galega de la Fibrose Qu\u00edstica, o noso GRAZAS m\u00e1is&#8230;<\/p>\n","protected":false},"author":3,"featured_media":39306,"comment_status":"closed","ping_status":"closed","sticky":false,"template":"","format":"standard","meta":{"_jetpack_memberships_contains_paid_content":false,"footnotes":""},"categories":[16,38],"tags":[],"class_list":{"0":"post-39305","1":"post","2":"type-post","3":"status-publish","4":"format-standard","5":"has-post-thumbnail","7":"category-uncategorized-gl-2","8":"category-eventos-gl"},"jetpack_featured_media_url":"https:\/\/www.fqgalicia.org\/wp-content\/uploads\/2019\/08\/raid.png","jetpack_sharing_enabled":true,"_links":{"self":[{"href":"https:\/\/www.fqgalicia.org\/gl\/wp-json\/wp\/v2\/posts\/39305","targetHints":{"allow":["GET"]}}],"collection":[{"href":"https:\/\/www.fqgalicia.org\/gl\/wp-json\/wp\/v2\/posts"}],"about":[{"href":"https:\/\/www.fqgalicia.org\/gl\/wp-json\/wp\/v2\/types\/post"}],"author":[{"embeddable":true,"href":"https:\/\/www.fqgalicia.org\/gl\/wp-json\/wp\/v2\/users\/3"}],"replies":[{"embeddable":true,"href":"https:\/\/www.fqgalicia.org\/gl\/wp-json\/wp\/v2\/comments?post=39305"}],"version-history":[{"count":2,"href":"https:\/\/www.fqgalicia.org\/gl\/wp-json\/wp\/v2\/posts\/39305\/revisions"}],"predecessor-version":[{"id":39388,"href":"https:\/\/www.fqgalicia.org\/gl\/wp-json\/wp\/v2\/posts\/39305\/revisions\/39388"}],"wp:featuredmedia":[{"embeddable":true,"href":"https:\/\/www.fqgalicia.org\/gl\/wp-json\/wp\/v2\/media\/39306"}],"wp:attachment":[{"href":"https:\/\/www.fqgalicia.org\/gl\/wp-json\/wp\/v2\/media?parent=39305"}],"wp:term":[{"taxonomy":"category","embeddable":true,"href":"https:\/\/www.fqgalicia.org\/gl\/wp-json\/wp\/v2\/categories?post=39305"},{"taxonomy":"post_tag","embeddable":true,"href":"https:\/\/www.fqgalicia.org\/gl\/wp-json\/wp\/v2\/tags?post=39305"}],"curies":[{"name":"wp","href":"https:\/\/api.w.org\/{rel}","templated":true}]}}