
{"id":39331,"date":"2019-01-29T16:31:00","date_gmt":"2019-01-29T16:31:00","guid":{"rendered":"https:\/\/www.fqgalicia.org\/36298\/"},"modified":"2024-06-18T09:41:38","modified_gmt":"2024-06-18T09:41:38","slug":"36298","status":"publish","type":"post","link":"https:\/\/www.fqgalicia.org\/gl\/36298\/","title":{"rendered":"Concerto Prime Ministers 2 de Febreiro en Sala Pel\u00edcano ( A Coru\u00f1a )"},"content":{"rendered":"[et_pb_section bb_built=&#8221;1&#8243; _builder_version=&#8221;3.0.47&#8243; custom_padding=&#8221;0|0px|3px|0px|false|false&#8221; next_background_color=&#8221;#000000&#8243;][et_pb_row _builder_version=&#8221;3.0.48&#8243; background_size=&#8221;initial&#8221; background_position=&#8221;top_left&#8221; background_repeat=&#8221;repeat&#8221;][et_pb_column type=&#8221;1_2&#8243;][et_pb_image src=&#8221;http:\/\/www.fqgalicia.org\/wp-content\/uploads\/2019\/01\/PrimeMinistersCARTELpelicano_tn.jpg&#8221; _builder_version=&#8221;3.19.4&#8243; border_radii=&#8221;on|20px|20px|20px|20px&#8221; border_width_all=&#8221;3px&#8221; box_shadow_style=&#8221;preset4&#8243;]\n[\/et_pb_image][\/et_pb_column][et_pb_column type=&#8221;1_2&#8243;][et_pb_image src=&#8221;http:\/\/www.fqgalicia.org\/wp-content\/uploads\/2019\/01\/galicia-28526_640.png&#8221; _builder_version=&#8221;3.19.9&#8243; border_radii=&#8221;on|20px|20px|20px|20px&#8221; border_width_all=&#8221;3px&#8221; border_color_all=&#8221;#ffffff&#8221; box_shadow_style=&#8221;preset4&#8243; max_width=&#8221;38%&#8221; module_alignment=&#8221;center&#8221; animation_style=&#8221;fold&#8221; animation_duration=&#8221;2000ms&#8221; animation_intensity_fold=&#8221;86%&#8221; animation_starting_opacity=&#8221;99%&#8221; animation_speed_curve=&#8221;ease-out&#8221; locked=&#8221;off&#8221;]\n[\/et_pb_image][et_pb_text _builder_version=&#8221;3.19.9&#8243;]\n<p>Temos un evento pr\u00f3ximo moi importante, o concerto que unha vez m\u00e1is o grupo PRIME MINISTERS ofrecer\u00e1 de forma totalmente desinteresada a favor \u00edntegro en beneficio da nosa Asociaci\u00f3n Galega de Fibrose Qu\u00edstica.\u00a0 Outro ano m\u00e1is quixeron colaborar connosco, non podemos expresar con palabras esta axuda INMENSA.<\/p>\n<p>Grazas PRIME MINISTERS por axudarnos, non sabedes o ben que se fai con esta colaboraci\u00f3n.<\/p>\n<p>GRAZAS<\/p>\n<p><a title=\"Compra aqu\u00ed tus entradas\" href=\"https:\/\/www.ticketea.com\/entradas-concierto-prime-ministers-concierto-benefico-a-favor-de-la-fibrosisquistica\/\" target=\"_blank\" rel=\"noopener\"><img decoding=\"async\" src=\"https:\/\/d18t9gwja9h9h.cloudfront.net\/assets\/images\/buttons\/es\/buyhere.png\" alt=\"Compra aqu\u00ed tus entradas\" \/><br \/>\n<\/a><\/p>\n[\/et_pb_text][\/et_pb_column][\/et_pb_row][\/et_pb_section][et_pb_section bb_built=&#8221;1&#8243; prev_background_color=&#8221;#000000&#8243;][et_pb_row][\/et_pb_row][\/et_pb_section]\n","protected":false},"excerpt":{"rendered":"<p>[et_pb_section bb_built=&#8221;1&#8243; _builder_version=&#8221;3.0.47&#8243; custom_padding=&#8221;0|0px|3px|0px|false|false&#8221; next_background_color=&#8221;#000000&#8243;][et_pb_row _builder_version=&#8221;3.0.48&#8243; background_size=&#8221;initial&#8221; background_position=&#8221;top_left&#8221; background_repeat=&#8221;repeat&#8221;][et_pb_column type=&#8221;1_2&#8243;][et_pb_image src=&#8221;http:\/\/www.fqgalicia.org\/wp-content\/uploads\/2019\/01\/PrimeMinistersCARTELpelicano_tn.jpg&#8221; _builder_version=&#8221;3.19.4&#8243; border_radii=&#8221;on|20px|20px|20px|20px&#8221; border_width_all=&#8221;3px&#8221; box_shadow_style=&#8221;preset4&#8243;] [\/et_pb_image][\/et_pb_column][et_pb_column type=&#8221;1_2&#8243;][et_pb_image src=&#8221;http:\/\/www.fqgalicia.org\/wp-content\/uploads\/2019\/01\/galicia-28526_640.png&#8221; _builder_version=&#8221;3.19.9&#8243; border_radii=&#8221;on|20px|20px|20px|20px&#8221; border_width_all=&#8221;3px&#8221; border_color_all=&#8221;#ffffff&#8221; box_shadow_style=&#8221;preset4&#8243; max_width=&#8221;38%&#8221; module_alignment=&#8221;center&#8221; animation_style=&#8221;fold&#8221; animation_duration=&#8221;2000ms&#8221; animation_intensity_fold=&#8221;86%&#8221; animation_starting_opacity=&#8221;99%&#8221; animation_speed_curve=&#8221;ease-out&#8221;&#8230;<\/p>\n","protected":false},"author":3,"featured_media":39332,"comment_status":"open","ping_status":"open","sticky":false,"template":"","format":"standard","meta":{"_jetpack_memberships_contains_paid_content":false,"footnotes":""},"categories":[16],"tags":[],"class_list":{"0":"post-39331","1":"post","2":"type-post","3":"status-publish","4":"format-standard","5":"has-post-thumbnail","7":"category-uncategorized-gl-2"},"jetpack_featured_media_url":"https:\/\/www.fqgalicia.org\/wp-content\/uploads\/2019\/01\/Captura-de-pantalla-2019-01-29-a-las-17.33.57.png","jetpack_sharing_enabled":true,"_links":{"self":[{"href":"https:\/\/www.fqgalicia.org\/gl\/wp-json\/wp\/v2\/posts\/39331","targetHints":{"allow":["GET"]}}],"collection":[{"href":"https:\/\/www.fqgalicia.org\/gl\/wp-json\/wp\/v2\/posts"}],"about":[{"href":"https:\/\/www.fqgalicia.org\/gl\/wp-json\/wp\/v2\/types\/post"}],"author":[{"embeddable":true,"href":"https:\/\/www.fqgalicia.org\/gl\/wp-json\/wp\/v2\/users\/3"}],"replies":[{"embeddable":true,"href":"https:\/\/www.fqgalicia.org\/gl\/wp-json\/wp\/v2\/comments?post=39331"}],"version-history":[{"count":1,"href":"https:\/\/www.fqgalicia.org\/gl\/wp-json\/wp\/v2\/posts\/39331\/revisions"}],"predecessor-version":[{"id":40116,"href":"https:\/\/www.fqgalicia.org\/gl\/wp-json\/wp\/v2\/posts\/39331\/revisions\/40116"}],"wp:featuredmedia":[{"embeddable":true,"href":"https:\/\/www.fqgalicia.org\/gl\/wp-json\/wp\/v2\/media\/39332"}],"wp:attachment":[{"href":"https:\/\/www.fqgalicia.org\/gl\/wp-json\/wp\/v2\/media?parent=39331"}],"wp:term":[{"taxonomy":"category","embeddable":true,"href":"https:\/\/www.fqgalicia.org\/gl\/wp-json\/wp\/v2\/categories?post=39331"},{"taxonomy":"post_tag","embeddable":true,"href":"https:\/\/www.fqgalicia.org\/gl\/wp-json\/wp\/v2\/tags?post=39331"}],"curies":[{"name":"wp","href":"https:\/\/api.w.org\/{rel}","templated":true}]}}