
{"id":39678,"date":"2023-08-23T08:12:48","date_gmt":"2023-08-23T08:12:48","guid":{"rendered":"https:\/\/www.fqgalicia.org\/?p=39678"},"modified":"2023-08-23T08:20:40","modified_gmt":"2023-08-23T08:20:40","slug":"dia-mundial-da-fq-2023-baiona","status":"publish","type":"post","link":"https:\/\/www.fqgalicia.org\/gl\/dia-mundial-da-fq-2023-baiona\/","title":{"rendered":"D\u00eda Mundial da FQ 2023 &#8211; Baiona"},"content":{"rendered":"\n<p>Estamos encantados de anunciarvos que volvemos retomar a conmemoraci\u00f3n presencial do d\u00eda Mundial da Fibrose Qu\u00edstica que, como anos anteriores, celebrarase en Baiona, o domingo 3 de setembro. <\/p>\n\n\n\n<p>Preparamos \u00f3 longo de todo o d\u00eda diferentes actividades tanto deportivas, l\u00fadicas ou de lecer para poder desfrutar todos xuntos deste d\u00eda, facer visible a FQ e fomentar o exercicio f\u00edsico no colectivo.<\/p>\n\n\n\n<p>Durante todo o d\u00eda poderanse adquirir rifas solidarias na mesa da asociaci\u00f3n, \u00e9stas permitir\u00e1n participar nos sorteos que se realizar\u00e1n \u00e1s horas indicadas<a href=\"https:\/\/www.fqgalicia.org\/wp-content\/uploads\/2023\/08\/368237370_689922339829331_8595084314320712326_n.jpg\"> no cartel<\/a>. Estos sorteos son posibles grazas \u00e1 solidariedade dos colaboradores do evento que un ano m\u00e1is quixeron participar e achegar o seu granito de area. Sortearanse agasallos como un televisor Smart TV JVC de 32&#8243;, un smartwatch, ceas, unha maricada,&nbsp; &nbsp; lentes de sol, mochilas, xoguetes, un xam\u00f3n,&#8230;<\/p>\n\n\n\n<p>Anim\u00e1mosvos a participar na Andaina que se celebrar\u00e1 ese d\u00eda, podedes inscribirvos na seguinte ligaz\u00f3n: <\/p>\n\n\n\n<p><a href=\"https:\/\/docs.google.com\/forms\/d\/e\/1FAIpQLSdCJn11N_y-eQKdbllYwgKzcGR8z98DiBB1s4_19EgHSnyvaA\/viewform\" target=\"_blank\" rel=\"noopener\">https:\/\/docs.google.com\/forms\/d\/e\/1FAIpQLSdCJn11N_y-eQKdbllYwgKzcGR8z98DiBB1s4_19EgHSnyvaA\/viewform<\/a><\/p>\n\n\n\n<p>Evento: D\u00eda Mundial da Fibrose Qu\u00edstica<\/p>\n\n\n\n<p>D\u00eda e Lugar: 3 de setembro 2023, Praza do Concello de Baiona, Pontevedra<\/p>\n\n\n\n<p>Hora: 10.00 &#8211; 23.00<\/p>\n\n\n\n<p><\/p>\n\n\n\n<p><\/p>\n\n\n<div class=\"wp-block-image\">\n<figure class=\"aligncenter size-large\"><img loading=\"lazy\" decoding=\"async\" width=\"724\" height=\"1024\" src=\"https:\/\/www.fqgalicia.org\/wp-content\/uploads\/2023\/08\/368237370_689922339829331_8595084314320712326_n-724x1024.jpg\" alt=\"\" class=\"wp-image-39674\" srcset=\"https:\/\/www.fqgalicia.org\/wp-content\/uploads\/2023\/08\/368237370_689922339829331_8595084314320712326_n-724x1024.jpg 724w, https:\/\/www.fqgalicia.org\/wp-content\/uploads\/2023\/08\/368237370_689922339829331_8595084314320712326_n-600x849.jpg 600w, https:\/\/www.fqgalicia.org\/wp-content\/uploads\/2023\/08\/368237370_689922339829331_8595084314320712326_n-212x300.jpg 212w, https:\/\/www.fqgalicia.org\/wp-content\/uploads\/2023\/08\/368237370_689922339829331_8595084314320712326_n-768x1086.jpg 768w, https:\/\/www.fqgalicia.org\/wp-content\/uploads\/2023\/08\/368237370_689922339829331_8595084314320712326_n-1086x1536.jpg 1086w, https:\/\/www.fqgalicia.org\/wp-content\/uploads\/2023\/08\/368237370_689922339829331_8595084314320712326_n.jpg 1241w\" sizes=\"auto, (max-width: 724px) 100vw, 724px\" \/><\/figure>\n<\/div>\n\n\n<p><\/p>\n\n\n\n<p><\/p>\n","protected":false},"excerpt":{"rendered":"<p>Estamos encantados de anunciarvos que volvemos retomar a conmemoraci\u00f3n presencial do d\u00eda Mundial da Fibrose Qu\u00edstica que, como anos anteriores, celebrarase en Baiona, o domingo 3 de setembro. Preparamos \u00f3&#8230;<\/p>\n","protected":false},"author":5,"featured_media":39674,"comment_status":"open","ping_status":"open","sticky":false,"template":"","format":"standard","meta":{"_jetpack_memberships_contains_paid_content":false,"footnotes":""},"categories":[16,38],"tags":[],"class_list":{"0":"post-39678","1":"post","2":"type-post","3":"status-publish","4":"format-standard","5":"has-post-thumbnail","7":"category-uncategorized-gl-2","8":"category-eventos-gl"},"jetpack_featured_media_url":"https:\/\/www.fqgalicia.org\/wp-content\/uploads\/2023\/08\/368237370_689922339829331_8595084314320712326_n.jpg","jetpack_sharing_enabled":true,"_links":{"self":[{"href":"https:\/\/www.fqgalicia.org\/gl\/wp-json\/wp\/v2\/posts\/39678","targetHints":{"allow":["GET"]}}],"collection":[{"href":"https:\/\/www.fqgalicia.org\/gl\/wp-json\/wp\/v2\/posts"}],"about":[{"href":"https:\/\/www.fqgalicia.org\/gl\/wp-json\/wp\/v2\/types\/post"}],"author":[{"embeddable":true,"href":"https:\/\/www.fqgalicia.org\/gl\/wp-json\/wp\/v2\/users\/5"}],"replies":[{"embeddable":true,"href":"https:\/\/www.fqgalicia.org\/gl\/wp-json\/wp\/v2\/comments?post=39678"}],"version-history":[{"count":5,"href":"https:\/\/www.fqgalicia.org\/gl\/wp-json\/wp\/v2\/posts\/39678\/revisions"}],"predecessor-version":[{"id":39687,"href":"https:\/\/www.fqgalicia.org\/gl\/wp-json\/wp\/v2\/posts\/39678\/revisions\/39687"}],"wp:featuredmedia":[{"embeddable":true,"href":"https:\/\/www.fqgalicia.org\/gl\/wp-json\/wp\/v2\/media\/39674"}],"wp:attachment":[{"href":"https:\/\/www.fqgalicia.org\/gl\/wp-json\/wp\/v2\/media?parent=39678"}],"wp:term":[{"taxonomy":"category","embeddable":true,"href":"https:\/\/www.fqgalicia.org\/gl\/wp-json\/wp\/v2\/categories?post=39678"},{"taxonomy":"post_tag","embeddable":true,"href":"https:\/\/www.fqgalicia.org\/gl\/wp-json\/wp\/v2\/tags?post=39678"}],"curies":[{"name":"wp","href":"https:\/\/api.w.org\/{rel}","templated":true}]}}