
{"id":39713,"date":"2023-09-06T12:22:53","date_gmt":"2023-09-06T12:22:53","guid":{"rendered":"https:\/\/www.fqgalicia.org\/concierto-benefico-prime-ministers\/"},"modified":"2023-09-06T12:34:18","modified_gmt":"2023-09-06T12:34:18","slug":"concierto-benefico-prime-ministers","status":"publish","type":"post","link":"https:\/\/www.fqgalicia.org\/gl\/concierto-benefico-prime-ministers\/","title":{"rendered":"Concerto ben\u00e9fico Prime Ministers"},"content":{"rendered":"\n<p>Apuntade a seguinte data nas vosas axendas porque nos vamos de concerto!<br>O s\u00e1bado 21 de outubro Prime Ministers dar\u00e1 un concerto ben\u00e9fico a favor da nosa asociaci\u00f3n na Sala Pel\u00edcano (A Coru\u00f1a). V\u00e1desvolo perder?<br>Xa podedes adquirir a vosa entrada para este gran espect\u00e1culo no seguinte enlace: https:\/\/salapelicano.com\/evento\/prime-ministers-en-concierto\/<br>Esper\u00e1mosvos!<\/p>\n\n\n\n<p><\/p>\n\n\n\n<figure class=\"wp-block-image size-full\"><img loading=\"lazy\" decoding=\"async\" width=\"950\" height=\"948\" src=\"https:\/\/www.fqgalicia.org\/wp-content\/uploads\/2023\/09\/primeministersweb.jpg\" alt=\"\" class=\"wp-image-39708\" srcset=\"https:\/\/www.fqgalicia.org\/wp-content\/uploads\/2023\/09\/primeministersweb.jpg 950w, https:\/\/www.fqgalicia.org\/wp-content\/uploads\/2023\/09\/primeministersweb-300x300.jpg 300w, https:\/\/www.fqgalicia.org\/wp-content\/uploads\/2023\/09\/primeministersweb-150x150.jpg 150w, https:\/\/www.fqgalicia.org\/wp-content\/uploads\/2023\/09\/primeministersweb-600x599.jpg 600w, https:\/\/www.fqgalicia.org\/wp-content\/uploads\/2023\/09\/primeministersweb-768x766.jpg 768w, https:\/\/www.fqgalicia.org\/wp-content\/uploads\/2023\/09\/primeministersweb-100x100.jpg 100w, https:\/\/www.fqgalicia.org\/wp-content\/uploads\/2023\/09\/primeministersweb-140x140.jpg 140w, https:\/\/www.fqgalicia.org\/wp-content\/uploads\/2023\/09\/primeministersweb-500x500.jpg 500w, https:\/\/www.fqgalicia.org\/wp-content\/uploads\/2023\/09\/primeministersweb-350x350.jpg 350w\" sizes=\"auto, (max-width: 950px) 100vw, 950px\" \/><\/figure>\n","protected":false},"excerpt":{"rendered":"<p>Apuntade a seguinte data nas vosas axendas porque nos vamos de concerto!O s\u00e1bado 21 de outubro Prime Ministers dar\u00e1 un concerto ben\u00e9fico a favor da nosa asociaci\u00f3n na Sala Pel\u00edcano&#8230;<\/p>\n","protected":false},"author":5,"featured_media":39709,"comment_status":"open","ping_status":"open","sticky":false,"template":"","format":"standard","meta":{"_jetpack_memberships_contains_paid_content":false,"footnotes":""},"categories":[16,38],"tags":[],"class_list":{"0":"post-39713","1":"post","2":"type-post","3":"status-publish","4":"format-standard","5":"has-post-thumbnail","7":"category-uncategorized-gl-2","8":"category-eventos-gl"},"jetpack_featured_media_url":"https:\/\/www.fqgalicia.org\/wp-content\/uploads\/2023\/09\/primeministersweb.jpg","jetpack_sharing_enabled":true,"_links":{"self":[{"href":"https:\/\/www.fqgalicia.org\/gl\/wp-json\/wp\/v2\/posts\/39713","targetHints":{"allow":["GET"]}}],"collection":[{"href":"https:\/\/www.fqgalicia.org\/gl\/wp-json\/wp\/v2\/posts"}],"about":[{"href":"https:\/\/www.fqgalicia.org\/gl\/wp-json\/wp\/v2\/types\/post"}],"author":[{"embeddable":true,"href":"https:\/\/www.fqgalicia.org\/gl\/wp-json\/wp\/v2\/users\/5"}],"replies":[{"embeddable":true,"href":"https:\/\/www.fqgalicia.org\/gl\/wp-json\/wp\/v2\/comments?post=39713"}],"version-history":[{"count":3,"href":"https:\/\/www.fqgalicia.org\/gl\/wp-json\/wp\/v2\/posts\/39713\/revisions"}],"predecessor-version":[{"id":39718,"href":"https:\/\/www.fqgalicia.org\/gl\/wp-json\/wp\/v2\/posts\/39713\/revisions\/39718"}],"wp:featuredmedia":[{"embeddable":true,"href":"https:\/\/www.fqgalicia.org\/gl\/wp-json\/wp\/v2\/media\/39709"}],"wp:attachment":[{"href":"https:\/\/www.fqgalicia.org\/gl\/wp-json\/wp\/v2\/media?parent=39713"}],"wp:term":[{"taxonomy":"category","embeddable":true,"href":"https:\/\/www.fqgalicia.org\/gl\/wp-json\/wp\/v2\/categories?post=39713"},{"taxonomy":"post_tag","embeddable":true,"href":"https:\/\/www.fqgalicia.org\/gl\/wp-json\/wp\/v2\/tags?post=39713"}],"curies":[{"name":"wp","href":"https:\/\/api.w.org\/{rel}","templated":true}]}}