
{"id":39884,"date":"2023-11-24T10:47:33","date_gmt":"2023-11-24T10:47:33","guid":{"rendered":"https:\/\/www.fqgalicia.org\/competicion-benefica-adn-training-center\/"},"modified":"2023-11-24T10:53:13","modified_gmt":"2023-11-24T10:53:13","slug":"competicion-benefica-adn-training-center","status":"publish","type":"post","link":"https:\/\/www.fqgalicia.org\/gl\/competicion-benefica-adn-training-center\/","title":{"rendered":"Competici\u00f3n ben\u00e9fica ADN Training Center"},"content":{"rendered":"\n<p>ADN Training Center (Culleredo) celebra o seu 5\u00b0 Aniversario o pr\u00f3ximo s\u00e1bado 2 de decembro cunha competici\u00f3n interna de car\u00e1cter ben\u00e9fico a favor da nosa asociaci\u00f3n! \ud83c\udf89<br>Esperamos vervos al\u00ed!<\/p>\n\n\n\n<figure class=\"wp-block-image size-full is-resized\"><img loading=\"lazy\" decoding=\"async\" width=\"828\" height=\"851\" src=\"https:\/\/www.fqgalicia.org\/wp-content\/uploads\/2023\/11\/adn.png\" alt=\"\" class=\"wp-image-39881\" style=\"width:767px;height:auto\" srcset=\"https:\/\/www.fqgalicia.org\/wp-content\/uploads\/2023\/11\/adn.png 828w, https:\/\/www.fqgalicia.org\/wp-content\/uploads\/2023\/11\/adn-600x617.png 600w, https:\/\/www.fqgalicia.org\/wp-content\/uploads\/2023\/11\/adn-292x300.png 292w, https:\/\/www.fqgalicia.org\/wp-content\/uploads\/2023\/11\/adn-768x789.png 768w\" sizes=\"auto, (max-width: 828px) 100vw, 828px\" \/><\/figure>\n\n\n\n<figure class=\"wp-block-image size-full\"><img loading=\"lazy\" decoding=\"async\" width=\"768\" height=\"818\" src=\"https:\/\/www.fqgalicia.org\/wp-content\/uploads\/2023\/11\/adn-f.png\" alt=\"\" class=\"wp-image-39879\" srcset=\"https:\/\/www.fqgalicia.org\/wp-content\/uploads\/2023\/11\/adn-f.png 768w, https:\/\/www.fqgalicia.org\/wp-content\/uploads\/2023\/11\/adn-f-600x639.png 600w, https:\/\/www.fqgalicia.org\/wp-content\/uploads\/2023\/11\/adn-f-282x300.png 282w\" sizes=\"auto, (max-width: 768px) 100vw, 768px\" \/><\/figure>\n","protected":false},"excerpt":{"rendered":"<p>ADN Training Center (Culleredo) celebra o seu 5\u00b0 Aniversario o pr\u00f3ximo s\u00e1bado 2 de decembro cunha competici\u00f3n interna de car\u00e1cter ben\u00e9fico a favor da nosa asociaci\u00f3n! \ud83c\udf89Esperamos vervos al\u00ed!<\/p>\n","protected":false},"author":5,"featured_media":39881,"comment_status":"open","ping_status":"open","sticky":false,"template":"","format":"standard","meta":{"_jetpack_memberships_contains_paid_content":false,"footnotes":""},"categories":[38],"tags":[],"class_list":{"0":"post-39884","1":"post","2":"type-post","3":"status-publish","4":"format-standard","5":"has-post-thumbnail","7":"category-eventos-gl"},"jetpack_featured_media_url":"https:\/\/www.fqgalicia.org\/wp-content\/uploads\/2023\/11\/adn.png","jetpack_sharing_enabled":true,"_links":{"self":[{"href":"https:\/\/www.fqgalicia.org\/gl\/wp-json\/wp\/v2\/posts\/39884","targetHints":{"allow":["GET"]}}],"collection":[{"href":"https:\/\/www.fqgalicia.org\/gl\/wp-json\/wp\/v2\/posts"}],"about":[{"href":"https:\/\/www.fqgalicia.org\/gl\/wp-json\/wp\/v2\/types\/post"}],"author":[{"embeddable":true,"href":"https:\/\/www.fqgalicia.org\/gl\/wp-json\/wp\/v2\/users\/5"}],"replies":[{"embeddable":true,"href":"https:\/\/www.fqgalicia.org\/gl\/wp-json\/wp\/v2\/comments?post=39884"}],"version-history":[{"count":1,"href":"https:\/\/www.fqgalicia.org\/gl\/wp-json\/wp\/v2\/posts\/39884\/revisions"}],"predecessor-version":[{"id":39886,"href":"https:\/\/www.fqgalicia.org\/gl\/wp-json\/wp\/v2\/posts\/39884\/revisions\/39886"}],"wp:featuredmedia":[{"embeddable":true,"href":"https:\/\/www.fqgalicia.org\/gl\/wp-json\/wp\/v2\/media\/39881"}],"wp:attachment":[{"href":"https:\/\/www.fqgalicia.org\/gl\/wp-json\/wp\/v2\/media?parent=39884"}],"wp:term":[{"taxonomy":"category","embeddable":true,"href":"https:\/\/www.fqgalicia.org\/gl\/wp-json\/wp\/v2\/categories?post=39884"},{"taxonomy":"post_tag","embeddable":true,"href":"https:\/\/www.fqgalicia.org\/gl\/wp-json\/wp\/v2\/tags?post=39884"}],"curies":[{"name":"wp","href":"https:\/\/api.w.org\/{rel}","templated":true}]}}