
{"id":41328,"date":"2026-04-29T09:56:43","date_gmt":"2026-04-29T09:56:43","guid":{"rendered":"https:\/\/www.fqgalicia.org\/sanidad-aprueba-la-financiacion-de-alyftrek-y-amplia-la-indicacion-de-kaftrio-para-mas-mutaciones-en-el-sistema-nacional-de-salud\/"},"modified":"2026-04-29T10:05:25","modified_gmt":"2026-04-29T10:05:25","slug":"sanidad-aprueba-la-financiacion-de-alyftrek-y-amplia-la-indicacion-de-kaftrio-para-mas-mutaciones-en-el-sistema-nacional-de-salud","status":"publish","type":"post","link":"https:\/\/www.fqgalicia.org\/gl\/sanidad-aprueba-la-financiacion-de-alyftrek-y-amplia-la-indicacion-de-kaftrio-para-mas-mutaciones-en-el-sistema-nacional-de-salud\/","title":{"rendered":"Sanidade aproba o financiamento de Alyftrek e ampl\u00eda a indicaci\u00f3n de Kaftrio para m\u00e1is mutaci\u00f3ns no Sistema Nacional de Sa\u00fade"},"content":{"rendered":"\n<p>Os medicamentos&nbsp;Alyftrek&nbsp;(deutivacaftor\/tezacaftor\/vanzacaftor) e&nbsp;a ampliaci\u00f3n de indicaci\u00f3n de Kaftrio&nbsp;(ivacaftor\/tezacaftor\/elexacaftor), en combinaci\u00f3n con ivacaftor,&nbsp;estar\u00e1n dispo\u00f1ibles proximamente para un maior n\u00famero de persoas con fibrose qu\u00edstica, tras o acordo alcanzado para o seu financiamento e inclusi\u00f3n no Sistema Nacional de Sa\u00fade (SNS).<\/p>\n\n\n\n<p>Na reuni\u00f3n da&nbsp;<strong><a href=\"https:\/\/www.sanidad.gob.es\/areas\/farmacia\/precios\/comisionInteministerial\/acuerdosNotasInformativas\/docs\/Nota_CIPM_Abril_2026.pdf\" target=\"_blank\" rel=\"noreferrer noopener\">Comisi\u00f3n Interministerial de Precios de Medicamentos (CIPM)<\/a><\/strong>&nbsp;celebrada onte, 28 de abril, aprobouse o financiamento destes tratamentos, que se incorporar\u00e1n previsiblemente ao nomencl\u00e1tor do SNS durante o mes de maio e poder\u00e1n ser prescritos&nbsp;a partir do 1 de xu\u00f1o.<\/p>\n\n\n\n<p>Esta decisi\u00f3n permitir\u00e1 ampliar de forma significativa o acceso aos moduladores do CFTR en Espa\u00f1a. Est\u00edmase que ao redor dun 95% de persoas con fibroses qu\u00edstica poder\u00e1 acceder a estes tratamentos, a\u00ednda que a porcentaxe de&nbsp;persoas que responder\u00e1n clinicamente a estes f\u00e1rmacos&nbsp;poder\u00eda situarse ao redor do&nbsp;90-93%.<\/p>\n\n\n\n<p>Con esta ampliaci\u00f3n, Kaftrio poder\u00e1 utilizarse en&nbsp;persoas con fibroses qu\u00edstica a partir dos 2 anos de idade con polo menos unha mutaci\u00f3n non de clase I no xene CFTR. Pola s\u00faa banda, Alyftrek, indicado actualmente a partir dos 6 anos para persoas con polo menos unha mutaci\u00f3n non de clase I, incorp\u00f3rase como unha nova opci\u00f3n terap\u00e9utica. Este tratamento presenta ademais&nbsp;a vantaxe de administrarse unha vez ao d\u00eda, o que pode facilitar a adherencia.<\/p>\n\n\n\n<p>A aprobaci\u00f3n prod\u00facese poucos d\u00edas despois do&nbsp;D\u00eda Nacional da Fibrose Qu\u00edstica, no que tanto a Federaci\u00f3n Espa\u00f1ola de FQ como a Sociedade Espa\u00f1ola de FQ puxeron de manifesto&nbsp;a necesidade de axilizar o acceso a tratamentos xa aprobados en Europa, subli\u00f1ando a importancia de reducir os tempos entre a autorizaci\u00f3n e a s\u00faa dispo\u00f1ibilidade efectiva.<\/p>\n\n\n\n<p>A pesar deste avance, a\u00ednda existe&nbsp;un grupo de persoas con fibroses qu\u00edstica&nbsp;(ao redor dun 7%) que non poder\u00e1 beneficiarse dos tratamentos moduladores, xa sexa por ter d\u00faas mutaci\u00f3ns de clase I, que non producen a prote\u00edna CFTR sobre a que act\u00faan estes tratamentos, como por ter outras mutaci\u00f3ns que non responden aos moduladores dispo\u00f1ibles. Por iso, segue sendo fundamental impulsar a investigaci\u00f3n de novas li\u00f1as terap\u00e9uticas que permitan dar resposta a todo o colectivo.<\/p>\n\n\n\n<p>Juan Da Silva, presidente da FEFQ, sinala: \u201cEsta aprobaci\u00f3n, moi esperada por todo o colectivo de fibrose qu\u00edstica, representa un avance significativo ao permitir ampliar o acceso a tratamentos que demostraron a s\u00faa capacidade para frear a progresi\u00f3n da enfermidade e mellorar a calidade de vida das persoas con FQ. Tr\u00e1tase dun paso firme que evidencia a importancia do investimento en investigaci\u00f3n. Os tratamentos moduladores est\u00e1n a contribu\u00edr a ga\u00f1ar tempo mentres se contin\u00faa avanzando no desenvolvemento da terapia x\u00e9nica, co obxectivo de dar resposta ao aproximadamente 7% da poboaci\u00f3n en Espa\u00f1a que a\u00ednda non pode beneficiarse destas terapias. Hoxe \u00e9 un d\u00eda especialmente relevante para o colectivo, xa que se ampl\u00eda o abanico de mutaci\u00f3ns inclu\u00eddas na indicaci\u00f3n, dando resposta a necesidades que, ata fai moi pouco, quedaban f\u00f3ra de cobertura. Quero trasladar un reco\u00f1ecemento sincero a todas as partes implicadas na consecuci\u00f3n deste acordo de financiamento, polo seu compromiso e pola aposta decidida do noso pa\u00eds polos tratamentos innovadores, que est\u00e1n a contribu\u00edr a mellorar o d\u00eda a d\u00eda e as expectativas de futuro das persoas con FQ. Este \u00e9, sen d\u00fabida, un gran paso, pero resulta imprescindible seguir impulsando a investigaci\u00f3n para aquelas persoas que a\u00ednda non dispo\u00f1en de opci\u00f3ns terap\u00e9uticas eficaces, mantendo como horizonte com\u00fan o noso principal obxectivo: alcanzar a cura\u201d.<\/p>\n\n\n\n<p>Pola s\u00faa banda, a&nbsp;Dra. Esther Quintana, presidenta da SEFQ, destacou: \u201cDesde a Sociedade Espa\u00f1ola de Fibrose Qu\u00edstica recibimos con gran satisfacci\u00f3n a aprobaci\u00f3n do financiamento de Alyftrek e da ampliaci\u00f3n de indicaci\u00f3n de Kaftrio, unha decisi\u00f3n moi relevante e longamente esperada polas persoas con fibroses qu\u00edstica, as s\u00faas familias e os profesionais que as acompa\u00f1an, que reflicte como a innovaci\u00f3n contin\u00faa avanzando e que cada vez estamos m\u00e1is preto de responder as necesidades dun maior n\u00famero de pacientes e de facelo con tratamentos m\u00e1is c\u00f3modos e adaptados. Queremos reco\u00f1ecer o traballo realizado polas administraci\u00f3ns sanitarias, os profesionais implicados e todos os axentes que contribu\u00edron a que esta decisi\u00f3n sexa unha realidade. Con todo, tam\u00e9n queremos lembrar que a\u00ednda quedan persoas con fibroses qu\u00edstica que non dispo\u00f1en de terapias moduladoras eficaces para as s\u00faas mutaci\u00f3ns, polo que \u00e9 imprescindible manter o compromiso coa investigaci\u00f3n e garantir un acceso \u00e1xil e equitativo \u00e1 innovaci\u00f3n\u201d.<\/p>\n","protected":false},"excerpt":{"rendered":"<p>Os medicamentos&nbsp;Alyftrek&nbsp;(deutivacaftor\/tezacaftor\/vanzacaftor) e&nbsp;a ampliaci\u00f3n de indicaci\u00f3n de Kaftrio&nbsp;(ivacaftor\/tezacaftor\/elexacaftor), en combinaci\u00f3n con ivacaftor,&nbsp;estar\u00e1n dispo\u00f1ibles proximamente para un maior n\u00famero de persoas con fibrose qu\u00edstica, tras o acordo alcanzado para o seu&#8230;<\/p>\n","protected":false},"author":5,"featured_media":40152,"comment_status":"open","ping_status":"open","sticky":false,"template":"","format":"standard","meta":{"_jetpack_memberships_contains_paid_content":false,"footnotes":""},"categories":[16,10],"tags":[],"class_list":{"0":"post-41328","1":"post","2":"type-post","3":"status-publish","4":"format-standard","5":"has-post-thumbnail","7":"category-uncategorized-gl-2","8":"category-uncategorized-gl"},"jetpack_featured_media_url":"https:\/\/www.fqgalicia.org\/wp-content\/uploads\/2024\/07\/ministerio-de-sanidad.png","jetpack_sharing_enabled":true,"_links":{"self":[{"href":"https:\/\/www.fqgalicia.org\/gl\/wp-json\/wp\/v2\/posts\/41328","targetHints":{"allow":["GET"]}}],"collection":[{"href":"https:\/\/www.fqgalicia.org\/gl\/wp-json\/wp\/v2\/posts"}],"about":[{"href":"https:\/\/www.fqgalicia.org\/gl\/wp-json\/wp\/v2\/types\/post"}],"author":[{"embeddable":true,"href":"https:\/\/www.fqgalicia.org\/gl\/wp-json\/wp\/v2\/users\/5"}],"replies":[{"embeddable":true,"href":"https:\/\/www.fqgalicia.org\/gl\/wp-json\/wp\/v2\/comments?post=41328"}],"version-history":[{"count":3,"href":"https:\/\/www.fqgalicia.org\/gl\/wp-json\/wp\/v2\/posts\/41328\/revisions"}],"predecessor-version":[{"id":41333,"href":"https:\/\/www.fqgalicia.org\/gl\/wp-json\/wp\/v2\/posts\/41328\/revisions\/41333"}],"wp:featuredmedia":[{"embeddable":true,"href":"https:\/\/www.fqgalicia.org\/gl\/wp-json\/wp\/v2\/media\/40152"}],"wp:attachment":[{"href":"https:\/\/www.fqgalicia.org\/gl\/wp-json\/wp\/v2\/media?parent=41328"}],"wp:term":[{"taxonomy":"category","embeddable":true,"href":"https:\/\/www.fqgalicia.org\/gl\/wp-json\/wp\/v2\/categories?post=41328"},{"taxonomy":"post_tag","embeddable":true,"href":"https:\/\/www.fqgalicia.org\/gl\/wp-json\/wp\/v2\/tags?post=41328"}],"curies":[{"name":"wp","href":"https:\/\/api.w.org\/{rel}","templated":true}]}}