
{"id":41571,"date":"2026-08-31T11:44:51","date_gmt":"2026-08-31T11:44:51","guid":{"rendered":"https:\/\/www.fqgalicia.org\/?p=41571"},"modified":"2026-08-31T11:45:54","modified_gmt":"2026-08-31T11:45:54","slug":"dia-mundial-da-fibrose-quistica-2026","status":"publish","type":"post","link":"https:\/\/www.fqgalicia.org\/gl\/dia-mundial-da-fibrose-quistica-2026\/","title":{"rendered":"D\u00cdA MUNDIAL DA FIBROSE QU\u00cdSTICA 2026"},"content":{"rendered":"\n<h1 class=\"wp-block-heading\">\ud83d\udc9a\ud83e\udde1 Baiona acoller\u00e1 unha Xornada Solidaria polo D\u00eda Mundial da Fibrose Qu\u00edstica<\/h1>\n\n\n\n<p class=\"wp-block-paragraph\"><strong>A Asociaci\u00f3n Galega de Fibrose Qu\u00edstica celebrar\u00e1 o vindeiro domingo 6 de setembro unha xornada chea de actividades para toda a familia, coa Andaina Solidaria de 8 km como unha das propostas destacadas do programa.<\/strong><\/p>\n\n\n\n<p class=\"wp-block-paragraph\">Con motivo do <strong>D\u00eda Mundial da Fibrose Qu\u00edstica<\/strong>, a Asociaci\u00f3n Galega de Fibrose Qu\u00edstica organiza o vindeiro <strong>domingo 6 de setembro unha Xornada Solidaria en Baiona<\/strong>, que se desenvolver\u00e1 durante todo o d\u00eda na <strong>Praza do Concello<\/strong>, desde as <strong>10:00 ata as 22:30 h<\/strong>.<\/p>\n\n\n\n<p class=\"wp-block-paragraph\">A xornada nace co obxectivo de reunir a familias, persoas colaboradoras e cidadan\u00eda arredor dunha celebraci\u00f3n que permita <strong>dar visibilidade \u00e1 Fibrose Qu\u00edstica, compartir un d\u00eda de lecer e convivencia e apoiar o traballo que desenvolve a Asociaci\u00f3n<\/strong>.<\/p>\n\n\n\n<p class=\"wp-block-paragraph\">Ao longo da xornada poderase gozar dunha ampla programaci\u00f3n de actividades deportivas, l\u00fadicas e culturais para todos os p\u00fablicos: <strong>Andaina Solidaria, inchables, maxia, obradoiro de xadrez, Zumba, pasacalles, photocall solidario, actuaci\u00f3ns musicais, danza, espect\u00e1culos e sorteos de agasallos<\/strong>, entre outras propostas.<\/p>\n\n\n\n<h2 class=\"wp-block-heading\">\ud83e\udd7e Andaina Solidaria: 8 quil\u00f3metros para gozar de Baiona en familia<\/h2>\n\n\n\n<p class=\"wp-block-paragraph\">Unha das actividades principais desta xornada ser\u00e1, un ano m\u00e1is, a <strong>Andaina Solidaria<\/strong>, organizada en colaboraci\u00f3n co <strong>Club Cornelios<\/strong>.<\/p>\n\n\n\n<p class=\"wp-block-paragraph\">A proposta invita a percorrer <strong>8 quil\u00f3metros por Baiona<\/strong>, gozando da contorna, facendo exercicio e compartindo unha ma\u00f1\u00e1 diferente en familia, ao mesmo tempo que se colabora coa Asociaci\u00f3n Galega de Fibrose Qu\u00edstica.<\/p>\n\n\n\n<p class=\"wp-block-paragraph\">\ud83d\udcc5 <strong>Domingo 6 de setembro<\/strong><br>\ud83d\udccd <strong>Sa\u00edda: Praza do Concello de Baiona<\/strong><br>\u23f0 <strong>Hora de sa\u00edda: 10:00 h<\/strong><br>\ud83e\udd7e <strong>Percorrido: 8 km<\/strong><\/p>\n\n\n\n<p class=\"wp-block-paragraph\">As inscrici\u00f3ns permanecer\u00e1n abertas ata o <strong>5 de setembro de 2026<\/strong> e poder\u00e1n realizarse a trav\u00e9s da seguinte ligaz\u00f3n:<\/p>\n\n\n\n<p class=\"wp-block-paragraph\">\ud83d\udc49 <a href=\"https:\/\/forms.gle\/gnPNiiJ8phgxVJ3M9\" target=\"_blank\" rel=\"noopener\">https:\/\/forms.gle\/gnPNiiJ8phgxVJ3M9<\/a><\/p>\n\n\n\n<p class=\"wp-block-paragraph\">A inscrici\u00f3n formalizarase mediante a <strong>adquisici\u00f3n de 3 rifas solidarias, a 1 \u20ac cada unha<\/strong>, na mesa da Asociaci\u00f3n Galega de Fibrose Qu\u00edstica o d\u00eda do evento. Estas rifas permitir\u00e1n, ademais, participar nos <strong>sorteos de agasallos<\/strong> que se celebrar\u00e1n ao longo da xornada na Praza do Concello. A sa\u00edda da andaina est\u00e1 prevista para as 10:00 h.<\/p>\n\n\n\n<p class=\"wp-block-paragraph\"><strong>Animamos a todas as persoas que queiran participar a inscribirse e acompa\u00f1arnos neste percorrido.<\/strong> Ser\u00e1 unha oportunidade para co\u00f1ecer Baiona dunha maneira diferente, gozar dunha actividade ao aire libre e compartir tempo en familia mentres se apoia unha boa causa.<\/p>\n\n\n\n<h2 class=\"wp-block-heading\">\ud83c\udf89 Unha xornada para compartir<\/h2>\n\n\n\n<p class=\"wp-block-paragraph\">Ademais da Andaina Solidaria, durante o d\u00eda sucederanse diferentes actividades para gozar na Praza do Concello.<\/p>\n\n\n\n<p class=\"wp-block-paragraph\">A programaci\u00f3n incl\u00fae <strong>inchables, maxia, obradoiro de xadrez, photocall solidario, Zumba con Bruno Hermida, pasacalles, o espect\u00e1culo <em>Moby Dick<\/em> da compa\u00f1\u00eda Pedras de Cart\u00f3n, actuaci\u00f3ns de J\u00f3venes Cantantes, Danza pola FQ e o mon\u00f3logo de Bairetranca<\/strong>, ademais dos diferentes sorteos de agasallos.<\/p>\n\n\n\n<p class=\"wp-block-paragraph\">Ser\u00e1, polo tanto, unha xornada pensada para <strong>participar, gozar e achegar a Fibrose Qu\u00edstica \u00e1 sociedade<\/strong>, un dos obxectivos fundamentais da comunicaci\u00f3n da Asociaci\u00f3n.<\/p>\n\n\n\n<h2 class=\"wp-block-heading\">\ud83c\udf81 Sorteos solidarios<\/h2>\n\n\n\n<p class=\"wp-block-paragraph\">Durante a xornada tam\u00e9n se poder\u00e1n adquirir <strong>rifas solidarias na mesa da Asociaci\u00f3n<\/strong>, que permitir\u00e1n participar nos diferentes sorteos de agasallos programados ao longo do d\u00eda.<\/p>\n\n\n\n<p class=\"wp-block-paragraph\">Estes sorteos son posibles grazas \u00e1 colaboraci\u00f3n e solidariedade das persoas e entidades que quixeron contribu\u00edr \u00e1 organizaci\u00f3n desta xornada.<\/p>\n\n\n\n<p class=\"wp-block-paragraph\">Desde a Asociaci\u00f3n queremos agradecer todas as colaboraci\u00f3ns recibidas e sinalar que <strong>seguimos recibindo novas colaboraci\u00f3ns<\/strong>. Todas as persoas e entidades colaboradoras publicaranse integramente o d\u00eda do evento.<\/p>\n\n\n\n<p class=\"wp-block-paragraph\">As\u00ed mesmo, aquelas persoas e entidades que realizaron <strong>doaz\u00f3ns especificamente destinadas ao sorteo solidario<\/strong> aparecer\u00e1n nun cartel espec\u00edfico que se elaborar\u00e1 con motivo do sorteo e que ser\u00e1 publicado o mesmo d\u00eda da xornada.<\/p>\n\n\n\n<h2 class=\"wp-block-heading\">\ud83d\ude4b\u200d\u2640\ufe0f Tam\u00e9n precisamos persoas voluntarias<\/h2>\n\n\n\n<p class=\"wp-block-paragraph\">Para poder desenvolver todas as actividades previstas precisamos contar cun equipo de <strong>persoas voluntarias<\/strong> que nos axuden durante a xornada.<\/p>\n\n\n\n<p class=\"wp-block-paragraph\">Quen queira colaborar pode po\u00f1erse en contacto coa Asociaci\u00f3n a trav\u00e9s de fqgalicia@fqgalicia.org ou chamando ao 687200684, indicando o horario no que poder\u00e1 participar. Deste xeito poderemos organizar previamente o equipo de persoas voluntarias e distribu\u00edr as diferentes tarefas.<\/p>\n\n\n\n<p class=\"wp-block-paragraph\"><strong>Toda axuda \u00e9 benvida e ser\u00e1 fundamental para facer posible esta xornada.<\/strong> \ud83d\udc9a\ud83e\udde1<\/p>\n\n\n\n<p class=\"wp-block-paragraph\">\ud83d\udc9a\ud83e\udde1 <strong>Agard\u00e1mosvos en Baiona para compartir un d\u00eda de solidariedade, deporte, lecer e convivencia arredor da Fibrose Qu\u00edstica.<\/strong><\/p>\n\n\n\n<figure class=\"wp-block-image size-large\"><img loading=\"lazy\" decoding=\"async\" width=\"724\" height=\"1024\" src=\"https:\/\/www.fqgalicia.org\/wp-content\/uploads\/2026\/08\/Cartel-Gala-FQ-Baiona-2026_Galego-724x1024.jpg\" alt=\"\" class=\"wp-image-41572\" srcset=\"https:\/\/www.fqgalicia.org\/wp-content\/uploads\/2026\/08\/Cartel-Gala-FQ-Baiona-2026_Galego-724x1024.jpg 724w, https:\/\/www.fqgalicia.org\/wp-content\/uploads\/2026\/08\/Cartel-Gala-FQ-Baiona-2026_Galego-212x300.jpg 212w, https:\/\/www.fqgalicia.org\/wp-content\/uploads\/2026\/08\/Cartel-Gala-FQ-Baiona-2026_Galego-768x1086.jpg 768w, https:\/\/www.fqgalicia.org\/wp-content\/uploads\/2026\/08\/Cartel-Gala-FQ-Baiona-2026_Galego-1086x1536.jpg 1086w, https:\/\/www.fqgalicia.org\/wp-content\/uploads\/2026\/08\/Cartel-Gala-FQ-Baiona-2026_Galego-1448x2048.jpg 1448w, https:\/\/www.fqgalicia.org\/wp-content\/uploads\/2026\/08\/Cartel-Gala-FQ-Baiona-2026_Galego-600x849.jpg 600w, https:\/\/www.fqgalicia.org\/wp-content\/uploads\/2026\/08\/Cartel-Gala-FQ-Baiona-2026_Galego.jpg 1587w\" sizes=\"auto, (max-width: 724px) 100vw, 724px\" \/><\/figure>\n\n\n\n<figure class=\"wp-block-image size-large\"><img loading=\"lazy\" decoding=\"async\" width=\"819\" height=\"1024\" src=\"https:\/\/www.fqgalicia.org\/wp-content\/uploads\/2026\/08\/Post-Instagram-819x1024.png\" alt=\"\" class=\"wp-image-41565\" srcset=\"https:\/\/www.fqgalicia.org\/wp-content\/uploads\/2026\/08\/Post-Instagram-819x1024.png 819w, https:\/\/www.fqgalicia.org\/wp-content\/uploads\/2026\/08\/Post-Instagram-240x300.png 240w, https:\/\/www.fqgalicia.org\/wp-content\/uploads\/2026\/08\/Post-Instagram-768x960.png 768w, https:\/\/www.fqgalicia.org\/wp-content\/uploads\/2026\/08\/Post-Instagram-600x750.png 600w, https:\/\/www.fqgalicia.org\/wp-content\/uploads\/2026\/08\/Post-Instagram.png 1080w\" sizes=\"auto, (max-width: 819px) 100vw, 819px\" \/><\/figure>\n\n\n\n<figure class=\"wp-block-image size-large\"><img loading=\"lazy\" decoding=\"async\" width=\"819\" height=\"1024\" src=\"https:\/\/www.fqgalicia.org\/wp-content\/uploads\/2026\/08\/Borrador-Cartel-Moby-Dick-Dia-Mundial-FQ-06092026.pdf-Post-de-Instagram-45-819x1024.png\" alt=\"\" class=\"wp-image-41567\" srcset=\"https:\/\/www.fqgalicia.org\/wp-content\/uploads\/2026\/08\/Borrador-Cartel-Moby-Dick-Dia-Mundial-FQ-06092026.pdf-Post-de-Instagram-45-819x1024.png 819w, https:\/\/www.fqgalicia.org\/wp-content\/uploads\/2026\/08\/Borrador-Cartel-Moby-Dick-Dia-Mundial-FQ-06092026.pdf-Post-de-Instagram-45-240x300.png 240w, https:\/\/www.fqgalicia.org\/wp-content\/uploads\/2026\/08\/Borrador-Cartel-Moby-Dick-Dia-Mundial-FQ-06092026.pdf-Post-de-Instagram-45-768x960.png 768w, https:\/\/www.fqgalicia.org\/wp-content\/uploads\/2026\/08\/Borrador-Cartel-Moby-Dick-Dia-Mundial-FQ-06092026.pdf-Post-de-Instagram-45-600x750.png 600w, https:\/\/www.fqgalicia.org\/wp-content\/uploads\/2026\/08\/Borrador-Cartel-Moby-Dick-Dia-Mundial-FQ-06092026.pdf-Post-de-Instagram-45.png 1080w\" sizes=\"auto, (max-width: 819px) 100vw, 819px\" \/><\/figure>\n","protected":false},"excerpt":{"rendered":"<p>\ud83d\udc9a\ud83e\udde1 Baiona acoller\u00e1 unha Xornada Solidaria polo D\u00eda Mundial da Fibrose Qu\u00edstica A Asociaci\u00f3n Galega de Fibrose Qu\u00edstica celebrar\u00e1 o vindeiro domingo 6 de setembro unha xornada chea de actividades&#8230;<\/p>\n","protected":false},"author":5,"featured_media":41572,"comment_status":"open","ping_status":"open","sticky":false,"template":"","format":"standard","meta":{"_jetpack_memberships_contains_paid_content":false,"footnotes":""},"categories":[16,10,38],"tags":[],"class_list":["post-41571","post","type-post","status-publish","format-standard","has-post-thumbnail","category-uncategorized-gl-2","category-uncategorized-gl","category-eventos-gl"],"jetpack_featured_media_url":"https:\/\/www.fqgalicia.org\/wp-content\/uploads\/2026\/08\/Cartel-Gala-FQ-Baiona-2026_Galego.jpg","jetpack_sharing_enabled":true,"_links":{"self":[{"href":"https:\/\/www.fqgalicia.org\/gl\/wp-json\/wp\/v2\/posts\/41571","targetHints":{"allow":["GET"]}}],"collection":[{"href":"https:\/\/www.fqgalicia.org\/gl\/wp-json\/wp\/v2\/posts"}],"about":[{"href":"https:\/\/www.fqgalicia.org\/gl\/wp-json\/wp\/v2\/types\/post"}],"author":[{"embeddable":true,"href":"https:\/\/www.fqgalicia.org\/gl\/wp-json\/wp\/v2\/users\/5"}],"replies":[{"embeddable":true,"href":"https:\/\/www.fqgalicia.org\/gl\/wp-json\/wp\/v2\/comments?post=41571"}],"version-history":[{"count":2,"href":"https:\/\/www.fqgalicia.org\/gl\/wp-json\/wp\/v2\/posts\/41571\/revisions"}],"predecessor-version":[{"id":41575,"href":"https:\/\/www.fqgalicia.org\/gl\/wp-json\/wp\/v2\/posts\/41571\/revisions\/41575"}],"wp:featuredmedia":[{"embeddable":true,"href":"https:\/\/www.fqgalicia.org\/gl\/wp-json\/wp\/v2\/media\/41572"}],"wp:attachment":[{"href":"https:\/\/www.fqgalicia.org\/gl\/wp-json\/wp\/v2\/media?parent=41571"}],"wp:term":[{"taxonomy":"category","embeddable":true,"href":"https:\/\/www.fqgalicia.org\/gl\/wp-json\/wp\/v2\/categories?post=41571"},{"taxonomy":"post_tag","embeddable":true,"href":"https:\/\/www.fqgalicia.org\/gl\/wp-json\/wp\/v2\/tags?post=41571"}],"curies":[{"name":"wp","href":"https:\/\/api.w.org\/{rel}","templated":true}]}}